{"id":6110,"date":"2023-02-16T06:17:33","date_gmt":"2023-02-16T05:17:33","guid":{"rendered":"https:\/\/www.bsv-eppinghoven.de\/v2\/?p=6110"},"modified":"2023-02-16T06:17:34","modified_gmt":"2023-02-16T05:17:34","slug":"wir-trauern-um-bernhard-berni-bellingroehr","status":"publish","type":"post","link":"https:\/\/www.bsv-eppinghoven.de\/v2\/2023\/02\/16\/wir-trauern-um-bernhard-berni-bellingroehr\/","title":{"rendered":"Wir trauern um Bernhard &#8220;Berni&#8221; Bellingr\u00f6hr"},"content":{"rendered":"\n<p>Liebe Sch\u00fctzenschwestern,<br>liebe Sch\u00fctzenbr\u00fcder,<\/p>\n\n\n\n<p>die traurigen Nachrichten rei\u00dfen nicht ab &#8211; wir m\u00fcssen Euch erneut eine Todesnachricht \u00fcbermitteln.<br>Unser langj\u00e4hriges Mitglied<\/p>\n\n\n\n<p class=\"has-text-align-center\"><strong>Bernhard &#8220;Berni&#8221; Bellingr\u00f6hr<\/strong><\/p>\n\n\n\n<p>ist am 11. Februar 2023 im Alter von 84 Jahren verstorben.<\/p>\n\n\n\n<p>Bernhard stand dem BSV Eppinghoven jederzeit hilfsbereit zur Verf\u00fcgung &#8211; insbesondere durch das Ausrichten des traditionellen Fr\u00fchst\u00fccks mit Adjutanten und Tambourkorps im Rahmen des Weckens anl\u00e4sslich des j\u00e4hrlichen Sch\u00fctzenfestes.<br>Wir werden ihm ein ehrendes Gedenken bewahren. Unser tiefes Mitgef\u00fchl gilt seinen Angeh\u00f6rigen.<br>Die Beisetzung ist am Dienstag, dem 21. Februar 2023, um 12 Uhr auf dem Friedhof in Eppinghoven. Anschlie\u00dfend erfolgt die heilige Messe in der St. Johannes Kirche, Eppinghoven.<br>Zum letzten Geleit treffen wir uns um 11:45 Uhr in Uniform vor der Aussegnungshalle auf dem Friedhof in Eppinghoven.<\/p>\n\n\n\n<p>In stillem Gedenken<br>Der Vorstand<\/p>\n","protected":false},"excerpt":{"rendered":"<p>Liebe Sch\u00fctzenschwestern,liebe Sch\u00fctzenbr\u00fcder, die traurigen Nachrichten rei\u00dfen nicht ab &#8211; wir m\u00fcssen Euch erneut eine Todesnachricht \u00fcbermitteln.Unser langj\u00e4hriges Mitglied Bernhard &#8220;Berni&#8221; Bellingr\u00f6hr ist am 11. Februar 2023 im Alter von 84 Jahren verstorben. Bernhard stand dem BSV Eppinghoven jederzeit hilfsbereit zur Verf\u00fcgung &#8211; insbesondere durch das Ausrichten des traditionellen Fr\u00fchst\u00fccks mit Adjutanten und Tambourkorps im [&hellip;]<\/p>\n","protected":false},"author":601,"featured_media":0,"comment_status":"closed","ping_status":"closed","sticky":false,"template":"","format":"standard","meta":[],"categories":[1],"tags":[],"jetpack_featured_media_url":"","_links":{"self":[{"href":"https:\/\/www.bsv-eppinghoven.de\/v2\/wp-json\/wp\/v2\/posts\/6110"}],"collection":[{"href":"https:\/\/www.bsv-eppinghoven.de\/v2\/wp-json\/wp\/v2\/posts"}],"about":[{"href":"https:\/\/www.bsv-eppinghoven.de\/v2\/wp-json\/wp\/v2\/types\/post"}],"author":[{"embeddable":true,"href":"https:\/\/www.bsv-eppinghoven.de\/v2\/wp-json\/wp\/v2\/users\/601"}],"replies":[{"embeddable":true,"href":"https:\/\/www.bsv-eppinghoven.de\/v2\/wp-json\/wp\/v2\/comments?post=6110"}],"version-history":[{"count":1,"href":"https:\/\/www.bsv-eppinghoven.de\/v2\/wp-json\/wp\/v2\/posts\/6110\/revisions"}],"predecessor-version":[{"id":6111,"href":"https:\/\/www.bsv-eppinghoven.de\/v2\/wp-json\/wp\/v2\/posts\/6110\/revisions\/6111"}],"wp:attachment":[{"href":"https:\/\/www.bsv-eppinghoven.de\/v2\/wp-json\/wp\/v2\/media?parent=6110"}],"wp:term":[{"taxonomy":"category","embeddable":true,"href":"https:\/\/www.bsv-eppinghoven.de\/v2\/wp-json\/wp\/v2\/categories?post=6110"},{"taxonomy":"post_tag","embeddable":true,"href":"https:\/\/www.bsv-eppinghoven.de\/v2\/wp-json\/wp\/v2\/tags?post=6110"}],"curies":[{"name":"wp","href":"https:\/\/api.w.org\/{rel}","templated":true}]}}